{"id":4,"date":"2023-03-04T01:29:04","date_gmt":"2023-03-04T01:29:04","guid":{"rendered":"https:\/\/canichesgigantes.site\/?p=4"},"modified":"2023-03-27T21:29:45","modified_gmt":"2023-03-27T21:29:45","slug":"standard-del-caniche-fci","status":"publish","type":"post","link":"https:\/\/canichesgigantes.site\/index.php\/2023\/03\/04\/standard-del-caniche-fci\/","title":{"rendered":"Standar Caniche Gigante en FCI"},"content":{"rendered":"\n<figure class=\"wp-block-image\"><a href=\"https:\/\/1.bp.blogspot.com\/-SeowC9stVxw\/Xe-Q386i2sI\/AAAAAAAAoYI\/G5FWC4h9E1ka-DDrK_TOt2kSdzyTqpIpgCEwYBhgL\/s1600\/FB_IMG_1550440094438.jpg\"><img decoding=\"async\" src=\"https:\/\/1.bp.blogspot.com\/-SeowC9stVxw\/Xe-Q386i2sI\/AAAAAAAAoYI\/G5FWC4h9E1ka-DDrK_TOt2kSdzyTqpIpgCEwYBhgL\/s640\/FB_IMG_1550440094438.jpg\" alt=\"\"\/><\/a><\/figure>\n\n\n\n<p><a href=\"http:\/\/pinterest.com\/pin\/create\/button\/?url=https:\/\/www.canichesgigantes.com\/p\/standard-del-caniche-fci-comentado.html&amp;media=https:\/\/1.bp.blogspot.com\/-SeowC9stVxw\/Xe-Q386i2sI\/AAAAAAAAoYI\/G5FWC4h9E1ka-DDrK_TOt2kSdzyTqpIpgCEwYBhgL\/s640\/FB_IMG_1550440094438.jpg&amp;description=\" target=\"_blank\" rel=\"noreferrer noopener\"><\/a><\/p>\n\n\n\n<p><strong>23.10.2015 \/ ES Est\u00e1ndar-FCI N\u00b0 172<\/strong><\/p>\n\n\n\n<p><strong>\u00a0CANICHE FCI-St. N\u00b0 172 \/ 23.10.2015 2\u00a0<\/strong><\/p>\n\n\n\n<p><strong>ORIGEN<\/strong>: Francia.&nbsp;<\/p>\n\n\n\n<p><strong>FECHA DE PUBLICACI\u00d3N DEL EST\u00c1NDAR OFICIAL&nbsp;<\/strong><\/p>\n\n\n\n<p><strong>V\u00c1LIDO<\/strong>: 03.11.2014.&nbsp;<\/p>\n\n\n\n<p><strong>UTILIZACI\u00d3N<\/strong>: Perro de compa\u00f1\u00eda.&nbsp;<\/p>\n\n\n\n<p><strong>CLASIFICACI\u00d3N FCI<\/strong>: Grupo 9 Perros de compa\u00f1\u00eda. Secci\u00f3n 2 Caniche. Sin prueba de trabajo.&nbsp;<\/p>\n\n\n\n<p><strong>BREVE RESUMEN HIST\u00d3RICO:<\/strong>&nbsp;Etimol\u00f3gicamente, la palabra francesa \u201ccaniche\u201d viene de \u201ccane\u201d, la hembra del pato. En otros pa\u00edses, esta palabra hace referencia a la acci\u00f3n de chapotear. En sus or\u00edgenes, este perro era utilizado para la caza de aves acu\u00e1ticas. Desciende del Barbet, del cual conserva muchas caracter\u00edsticas. En 1743 se dec\u00eda \u201cla caniche\u201d: hembra del Barbet. Luego, el Barbet y el Caniche iban a separarse progresivamente. Los criadores se esforzaron por obtener ejemplares originales y de color uniforme. El caniche se hizo popular como perro de compa\u00f1\u00eda gracias a su car\u00e1cter amable, jovial y fiel, pero tambi\u00e9n gracias a sus cuatro tama\u00f1os y a sus diferentes colores, que cada cual puede escoger seg\u00fan su preferencia.&nbsp;<\/p>\n\n\n\n<p><strong>APARIENCIA GENERAL<\/strong>: Perro de proporciones medianas, de pelo caracter\u00edsticamente rizado, ensortijado o en forma de mechones. Tiene el aspecto de un animal inteligente, constantemente alerta, activo, armoniosamente constituido, y que refleja elegancia y nobleza.&nbsp;<\/p>\n\n\n\n<p><strong>PROPORCIONES<\/strong>&nbsp;<strong>IMPORTANTES<\/strong>: La longitud del hocico es aproximadamente 9\/10 de la longitud del cr\u00e1neo.&nbsp;&nbsp;La longitud (esc\u00e1pulo-isquial) del cuerpo es ligeramente superior a la altura a la cruz. La altura de la cruz al suelo es visiblemente igual a la altura de la cresta de la grupa al suelo. La altura del codo al suelo equivale a 5\/9 de la altura a la cruz.&nbsp;<\/p>\n\n\n\n<figure class=\"wp-block-image aligncenter\"><a href=\"https:\/\/1.bp.blogspot.com\/-xx9NvBr4dDw\/Xe-Q8DYfXaI\/AAAAAAAAoYE\/nexU7GAFV0c6sGYOXIiKCY690J2Rq7ZJQCEwYBhgL\/s1600\/FB_IMG_1550440120474.jpg\"><img decoding=\"async\" src=\"https:\/\/1.bp.blogspot.com\/-xx9NvBr4dDw\/Xe-Q8DYfXaI\/AAAAAAAAoYE\/nexU7GAFV0c6sGYOXIiKCY690J2Rq7ZJQCEwYBhgL\/s640\/FB_IMG_1550440120474.jpg\" alt=\"\"\/><\/a><\/figure>\n\n\n\n<p><a href=\"http:\/\/pinterest.com\/pin\/create\/button\/?url=https:\/\/www.canichesgigantes.com\/p\/standard-del-caniche-fci-comentado.html&amp;media=https:\/\/1.bp.blogspot.com\/-xx9NvBr4dDw\/Xe-Q8DYfXaI\/AAAAAAAAoYE\/nexU7GAFV0c6sGYOXIiKCY690J2Rq7ZJQCEwYBhgL\/s640\/FB_IMG_1550440120474.jpg&amp;description=\" target=\"_blank\" rel=\"noreferrer noopener\"><\/a><\/p>\n\n\n\n<p><strong>TEMPERAMENTO \/&nbsp;<\/strong><strong>COMPORTAMIENTO<\/strong>: Este animal se distingue por su fidelidad y su aptitud para aprender y para ser entrenado, lo que hace de \u00e9l un perro de compa\u00f1\u00eda particularmente agradable.&nbsp;<\/p>\n\n\n\n<p><strong>CABEZA:<\/strong>&nbsp;De porte distinguido, rectil\u00ednea, en proporci\u00f3n con el cuerpo. Debe estar bien moldeada, sin presentar un aspecto macizo, pero al mismo tiempo sin delicadeza excesiva.&nbsp;<\/p>\n\n\n\n<figure class=\"wp-block-image aligncenter\"><a href=\"https:\/\/1.bp.blogspot.com\/-5LMYFOe5GsU\/Xe-Q-1nz9RI\/AAAAAAAAoYA\/-Bt7O0Omrr0fsGjI2Xskssiu0xKVVqzkwCEwYBhgL\/s1600\/FB_IMG_1550440386667.jpg\"><img decoding=\"async\" src=\"https:\/\/1.bp.blogspot.com\/-5LMYFOe5GsU\/Xe-Q-1nz9RI\/AAAAAAAAoYA\/-Bt7O0Omrr0fsGjI2Xskssiu0xKVVqzkwCEwYBhgL\/s640\/FB_IMG_1550440386667.jpg\" alt=\"\"\/><\/a><\/figure>\n\n\n\n<p><a href=\"http:\/\/pinterest.com\/pin\/create\/button\/?url=https:\/\/www.canichesgigantes.com\/p\/standard-del-caniche-fci-comentado.html&amp;media=https:\/\/1.bp.blogspot.com\/-5LMYFOe5GsU\/Xe-Q-1nz9RI\/AAAAAAAAoYA\/-Bt7O0Omrr0fsGjI2Xskssiu0xKVVqzkwCEwYBhgL\/s640\/FB_IMG_1550440386667.jpg&amp;description=\" target=\"_blank\" rel=\"noreferrer noopener\"><\/a><\/p>\n\n\n\n<p><strong>REGI\u00d3N CRANEAL:<\/strong>&nbsp;Cr\u00e1neo: Su amplitud es inferior a la mitad de la longitud de la cabeza. La totalidad del cr\u00e1neo, visto desde arriba, tiene forma ovalada, y de perfil, es ligeramente convexo. Los ejes del cr\u00e1neo y del ca\u00f1al nasal son ligeramente divergentes. Los arcos superciliares son moderadamente prominentes y est\u00e1n cubiertos de pelos largos. Surco frontal: Ancho entre los ojos y disminuye en direcci\u00f3n del occipucio, que es bien marcado (en los Caniches enanos puede ser menos marcado). Depresi\u00f3n naso-frontal: Es poco marcada, pero nunca debe estar ausente.&nbsp;<\/p>\n\n\n\n<p><strong>REGI\u00d3N FACIAL<\/strong>: Trufa: Marcada y desarrollada, de perfil vertical; las ventanas est\u00e1n bien abiertas. La trufa es negra en los perros negros, blancos y grises, y marr\u00f3n en los perros marr\u00f3n. En los perros color leonado (apricot o rojo) la trufa puede ser color marr\u00f3n o negro de acuerdo a la intensidad del color del leonado del manto. En leonados claros la nariz debe ser lo m\u00e1s oscuro posible.&nbsp;<\/p>\n\n\n\n<p><strong>Hocico:<\/strong>&nbsp;El perfil superior es bien rectil\u00edneo, su longitud corresponde a 9\/10 de la longitud del cr\u00e1neo. Las ramificaciones del maxilar inferior son casi paralelas. El hocico es s\u00f3lido. El perfil inferior est\u00e1 marcado por la mand\u00edbula y no por el borde del labio superior.&nbsp;<\/p>\n\n\n\n<p><strong>Labios:<\/strong>&nbsp;Ligeramente desarrollados, m\u00e1s bien delgados, de espesor mediano; el labio superior reposa sobre el inferior, aunque no es colgante. Son negros en los perros negros, blancos y grises, y marr\u00f3n en los perros color marr\u00f3n. En los perros color leonado anaranjado (apricot) o leonado rojo, son marr\u00f3n m\u00e1s o menos oscuro o negros. La comisura no debe ser marcada.&nbsp;<\/p>\n\n\n\n<p><strong>Mand\u00edbulas\/ dientes:<\/strong>&nbsp;Mordida en tijera completa. Dientes fuertes.&nbsp;<\/p>\n\n\n\n<figure class=\"wp-block-image aligncenter\"><a href=\"https:\/\/1.bp.blogspot.com\/-Hx3p__3lFoo\/Xe-TsPNtMVI\/AAAAAAAAoYk\/aix_2P5sYeE2oMbWSpH9L9ANk_NA-IK7ACEwYBhgL\/s1600\/boca.jpg\"><img decoding=\"async\" src=\"https:\/\/1.bp.blogspot.com\/-Hx3p__3lFoo\/Xe-TsPNtMVI\/AAAAAAAAoYk\/aix_2P5sYeE2oMbWSpH9L9ANk_NA-IK7ACEwYBhgL\/s640\/boca.jpg\" alt=\"\"\/><\/a><\/figure>\n\n\n\n<p><strong>Ojos:<\/strong>\u00a0Son de expresi\u00f3n ardiente. Est\u00e1n situados a la altura de la depresi\u00f3n naso-frontal y son ligeramente oblicuos. Tienen forma almendrada. Su color es negro o pardo oscuro. En los perros color marr\u00f3n pueden ser \u00e1mbar oscuro. El borde de los p\u00e1rpados es negro en los perros negros, blancos o grises; marr\u00f3n en los perros color marr\u00f3n. En los perros color leonado claro los bordes de los p\u00e1rpados deben ser lo m\u00e1s oscuro posible.\u00a0<a href=\"https:\/\/1.bp.blogspot.com\/-RODCqjCpAMM\/Xe-Tlc-Uk7I\/AAAAAAAAoYc\/5qEMW6Tgb-AGqbIqaM9WaJrYzkKPXsU4QCEwYBhgL\/s1600\/UsDents.jpg\"><\/a><\/p>\n\n\n\n<p><strong>Mejillas:<\/strong>\u00a0No son salientes y est\u00e1n moldeadas sobre los huesos. Los arcos sub-orbitales son cincelados y poco abultados. Los arcos cigom\u00e1ticos son poco prominentes.\u00a0<\/p>\n\n\n\n<p><strong>Orejas<\/strong>: Son bastante largas y caen a lo largo de las mejillas. Est\u00e1n implantadas en el prolongamiento de una l\u00ednea que surge&nbsp;de la parte superior de la trufa y pasa bajo el \u00e1ngulo externo del ojo. Son planas, se agrandan detr\u00e1s de la implantaci\u00f3n y son redondeadas en la extremidad. Est\u00e1n cubiertas de pelos ondulados muy largos. La piel de la oreja debe llegar &#8211; o idealmente pasar &#8211; la comisura de los labios, cuando se tiran hacia adelante.&nbsp;<\/p>\n\n\n\n<p><strong>CUELLO<\/strong>: Es s\u00f3lido y ligeramente arqueado detr\u00e1s de la nuca. De longitud mediana, bien proporcionado. El perro lleva la cabeza altamente levantada y con nobleza. El cuello no presenta papada. Es de corte ovalado; su longitud es ligeramente inferior a la de la cabeza.&nbsp;<\/p>\n\n\n\n<p><strong>CUERPO<\/strong>: Bien proporcionado. Su longitud es ligeramente superior a la altura a la cruz.&nbsp;<\/p>\n\n\n\n<p><strong>L\u00ednea superior:<\/strong>&nbsp;Es armoniosa y bien firme.&nbsp;<strong>Cruz:<\/strong>&nbsp;Moderadamente desarrollada. La altura del suelo a la cruz debe ser claramente la misma que la de la cresta de la grupa al suelo.&nbsp;<strong>Espalda<\/strong>: Corta.&nbsp;<strong>Lomo<\/strong>: Firme y musculoso.&nbsp;<strong>Grupa:<\/strong>&nbsp;Redondeada, pero no ca\u00edda.&nbsp;<strong>Antepecho<\/strong>: La extremidad del estern\u00f3n debe ser ligeramente prominente y presentarse bastante alta.&nbsp;<strong>Pecho<\/strong>: Inclinado a la altura del codo. Su amplitud es igual a los 2\/3 de su altura. En los caniches grandes, el per\u00edmetro tor\u00e1cico, medido detr\u00e1s de los hombros debe ser por lo menos 10 cm mayor que la altura a la cruz. El pecho es ovalado y ancho en la parte dorsal. L\u00ednea inferior y vientre: Levantados, pero no agalgados.&nbsp;<\/p>\n\n\n\n<figure class=\"wp-block-image aligncenter\"><a href=\"https:\/\/1.bp.blogspot.com\/-xx9NvBr4dDw\/Xe-Q8DYfXaI\/AAAAAAAAoYE\/nexU7GAFV0c6sGYOXIiKCY690J2Rq7ZJQCEwYBhgL\/s1600\/FB_IMG_1550440120474.jpg\"><img decoding=\"async\" src=\"https:\/\/1.bp.blogspot.com\/-xx9NvBr4dDw\/Xe-Q8DYfXaI\/AAAAAAAAoYE\/nexU7GAFV0c6sGYOXIiKCY690J2Rq7ZJQCEwYBhgL\/s640\/FB_IMG_1550440120474.jpg\" alt=\"\"\/><\/a><\/figure>\n\n\n\n<figure class=\"wp-block-image aligncenter\"><a href=\"https:\/\/1.bp.blogspot.com\/-Fq3Iyx1lI4w\/Xe-Q7wVjP6I\/AAAAAAAAoX0\/Zbq-b0v9MMMT1mS2h40USFibJlcCWPVLACEwYBhgL\/s1600\/FB_IMG_1550440106279.jpg\"><img decoding=\"async\" src=\"https:\/\/1.bp.blogspot.com\/-Fq3Iyx1lI4w\/Xe-Q7wVjP6I\/AAAAAAAAoX0\/Zbq-b0v9MMMT1mS2h40USFibJlcCWPVLACEwYBhgL\/s640\/FB_IMG_1550440106279.jpg\" alt=\"\"\/><\/a><\/figure>\n\n\n\n<p><strong>COLA<\/strong>: De implantaci\u00f3n bastante alta, a la altura del margen del lomo (idealmente llevada a las \u201cnueve y diez\u201d en relaci\u00f3n a su l\u00ednea superior).&nbsp;<\/p>\n\n\n\n<figure class=\"wp-block-image alignleft\"><a href=\"https:\/\/1.bp.blogspot.com\/-rQakhExzRic\/Xe-Q_nt5oNI\/AAAAAAAAoX8\/mJwP-J6VbjIsUKnQr2GFc9BvCqF___TbACEwYBhgL\/s1600\/FB_IMG_1550440420944.jpg\"><img decoding=\"async\" src=\"https:\/\/1.bp.blogspot.com\/-rQakhExzRic\/Xe-Q_nt5oNI\/AAAAAAAAoX8\/mJwP-J6VbjIsUKnQr2GFc9BvCqF___TbACEwYBhgL\/s640\/FB_IMG_1550440420944.jpg\" alt=\"\"\/><\/a><\/figure>\n\n\n\n<figure class=\"wp-block-image\"><a href=\"https:\/\/1.bp.blogspot.com\/-9SzYrodSmbc\/Xe-TrG4omBI\/AAAAAAAAoYU\/h3fkaxgFF2Ub6kkwRYsLGJIS6HBA_C3MACLcBGAsYHQ\/s1600\/cola.jpg\"><img decoding=\"async\" src=\"https:\/\/1.bp.blogspot.com\/-9SzYrodSmbc\/Xe-TrG4omBI\/AAAAAAAAoYU\/h3fkaxgFF2Ub6kkwRYsLGJIS6HBA_C3MACLcBGAsYHQ\/s640\/cola.jpg\" alt=\"\"\/><\/a><\/figure>\n\n\n\n<p><strong>EXTREMIDADES MIEMBROS ANTERIORES<\/strong>: Apariencia general: Son perfectamente rectos y paralelos, bien musculosos y de huesos s\u00f3lidos. La altura del codo al suelo es ligeramente superior a la mitad de la altura a la cruz. Hombros: Son oblicuos y musculosos. El om\u00f3plato&nbsp;y el h\u00famero forman un \u00e1ngulo de unos 110\u00ba.&nbsp;<strong>Brazos<\/strong>: La longitud del h\u00famero corresponde a la del omoplato.&nbsp;<strong>Carpo<\/strong>: Contin\u00faa la l\u00ednea anterior del antebrazo.&nbsp;<strong>Metacarpo:<\/strong>&nbsp;S\u00f3lido, y casi recto, visto de perfil. Pies anteriores: Son m\u00e1s bien peque\u00f1os, firmes, en forma de \u00f3valo corto. Los dedos est\u00e1n bien arqueados y juntos. Las almohadillas son duras y gruesas. Las u\u00f1as son negras en los perros negros y grises; negras o marr\u00f3n en los perros color marr\u00f3n. En los perros blancos, las u\u00f1as pueden presentar toda la gama de colores de cuerno, que llega hasta el negro. En los perros color leonado anaranjado (apricot) y leonado rojo, son marr\u00f3n o negras; de acuerdo con el color del manto, tan oscuras como sea posible.<\/p>\n\n\n\n<figure class=\"wp-block-image aligncenter\"><a href=\"https:\/\/1.bp.blogspot.com\/-cUkpjT_WpxA\/Xe-Q8Cpxp3I\/AAAAAAAAoX0\/uI6nkxx4uq4o2a7bHJv1jJsVCn2rrs_lACEwYBhgL\/s1600\/19-11-29-22-58-12-726_deco.jpg\"><img decoding=\"async\" src=\"https:\/\/1.bp.blogspot.com\/-cUkpjT_WpxA\/Xe-Q8Cpxp3I\/AAAAAAAAoX0\/uI6nkxx4uq4o2a7bHJv1jJsVCn2rrs_lACEwYBhgL\/s640\/19-11-29-22-58-12-726_deco.jpg\" alt=\"\"\/><\/a><\/figure>\n\n\n\n<figure class=\"wp-block-image aligncenter\"><a href=\"https:\/\/1.bp.blogspot.com\/-hw3HhepJr6c\/Xe-Q-yW7-wI\/AAAAAAAAoX8\/DWwtJOc4SEYGrhd5tIwP428TggHFHFWyQCEwYBhgL\/s1600\/FB_IMG_1550440380439.jpg\"><img decoding=\"async\" src=\"https:\/\/1.bp.blogspot.com\/-hw3HhepJr6c\/Xe-Q-yW7-wI\/AAAAAAAAoX8\/DWwtJOc4SEYGrhd5tIwP428TggHFHFWyQCEwYBhgL\/s640\/FB_IMG_1550440380439.jpg\" alt=\"\"\/><\/a><\/figure>\n\n\n\n<figure class=\"wp-block-image aligncenter\"><a href=\"https:\/\/1.bp.blogspot.com\/-BlUwNL0ir64\/Xe-Q-iDQnUI\/AAAAAAAAoX0\/7Ac40KlsRR0TKWFOaG3QxnpEJI7WhcLmQCEwYBhgL\/s1600\/FB_IMG_1550440374837.jpg\"><img decoding=\"async\" src=\"https:\/\/1.bp.blogspot.com\/-BlUwNL0ir64\/Xe-Q-iDQnUI\/AAAAAAAAoX0\/7Ac40KlsRR0TKWFOaG3QxnpEJI7WhcLmQCEwYBhgL\/s640\/FB_IMG_1550440374837.jpg\" alt=\"\"\/><\/a><\/figure>\n\n\n\n<p><strong>MIEMBROS POSTERIORES:<\/strong>&nbsp;Apariencia general: Vistos desde atr\u00e1s, los miembros posteriores son paralelos; los m\u00fasculos son bien desarrollados y bien aparentes. Muslos: Son bien musculosos y robustos. Corvej\u00f3n: Bien acodado. Los \u00e1ngulos coxo-femoral, tibio-femoral y tibio-tarsiano deben ser marcados. Metatarso: Bastante corto y vertical. El Caniche debe nacer sin espolones en las extremidades posteriores. Pies posteriores: V\u00e9ase extremidades anteriores.&nbsp;<\/p>\n\n\n\n<figure class=\"wp-block-image aligncenter\"><a href=\"https:\/\/1.bp.blogspot.com\/-gT-iQmdVhZQ\/Xe-Q83F5cjI\/AAAAAAAAoX4\/ZlNlt2zIZcw-I2VHN0zlJuxN3zTvc2JLwCEwYBhgL\/s1600\/FB_IMG_1550440131023.jpg\"><img decoding=\"async\" src=\"https:\/\/1.bp.blogspot.com\/-gT-iQmdVhZQ\/Xe-Q83F5cjI\/AAAAAAAAoX4\/ZlNlt2zIZcw-I2VHN0zlJuxN3zTvc2JLwCEwYBhgL\/s640\/FB_IMG_1550440131023.jpg\" alt=\"\"\/><\/a><\/figure>\n\n\n\n<figure class=\"wp-block-image aligncenter\"><a href=\"https:\/\/1.bp.blogspot.com\/-xQI7g2HYwWI\/Xe-Q9GFhqaI\/AAAAAAAAoX4\/vrt1a0ZEXZUSFJrfcCHpa_glWnlxchh_ACEwYBhgL\/s1600\/FB_IMG_1550440164071.jpg\"><img decoding=\"async\" src=\"https:\/\/1.bp.blogspot.com\/-xQI7g2HYwWI\/Xe-Q9GFhqaI\/AAAAAAAAoX4\/vrt1a0ZEXZUSFJrfcCHpa_glWnlxchh_ACEwYBhgL\/s640\/FB_IMG_1550440164071.jpg\" alt=\"\"\/><\/a><\/figure>\n\n\n\n<p><strong>MOVIMIENTO<\/strong>: El Caniche se mueve con peque\u00f1os saltos r\u00e1pidos y ligeros. PIEL: Es flexible, sin laxitud, pigmentada. Los caniches de color negro, marr\u00f3n, gris y leonado anaranjado o leonado rojizo, deben tener una pigmentaci\u00f3n de acuerdo al color del pelaje. En los blancos, la piel plateada es valorizada.&nbsp;<\/p>\n\n\n\n<figure class=\"wp-block-image aligncenter\"><a href=\"https:\/\/1.bp.blogspot.com\/-B4A1tfh5tPU\/Xe-Q9XNxDfI\/AAAAAAAAoXw\/WdskxyOJcMEZ2S7XChY8jtgaIkYoxFHkgCEwYBhgL\/s1600\/FB_IMG_1550440309584.jpg\"><img decoding=\"async\" src=\"https:\/\/1.bp.blogspot.com\/-B4A1tfh5tPU\/Xe-Q9XNxDfI\/AAAAAAAAoXw\/WdskxyOJcMEZ2S7XChY8jtgaIkYoxFHkgCEwYBhgL\/s640\/FB_IMG_1550440309584.jpg\" alt=\"\"\/><\/a><\/figure>\n\n\n\n<figure class=\"wp-block-image aligncenter\"><a href=\"https:\/\/1.bp.blogspot.com\/-AVd_CMGDFis\/Xe-Q9kIKV0I\/AAAAAAAAoX0\/JAB3-5AX3LkBxuM7whwnHalzfs6a3kG6gCEwYBhgL\/s1600\/FB_IMG_1550440325270.jpg\"><img decoding=\"async\" src=\"https:\/\/1.bp.blogspot.com\/-AVd_CMGDFis\/Xe-Q9kIKV0I\/AAAAAAAAoX0\/JAB3-5AX3LkBxuM7whwnHalzfs6a3kG6gCEwYBhgL\/s640\/FB_IMG_1550440325270.jpg\" alt=\"\"\/><\/a><\/figure>\n\n\n\n<figure class=\"wp-block-image aligncenter\"><a href=\"https:\/\/1.bp.blogspot.com\/-iUPkSazWy2k\/Xe-Q-KE0qzI\/AAAAAAAAoYE\/4HnTenue_hwUN0xPMhDFIfkclFVof0svwCEwYBhgL\/s1600\/FB_IMG_1550440351926.jpg\"><img decoding=\"async\" src=\"https:\/\/1.bp.blogspot.com\/-iUPkSazWy2k\/Xe-Q-KE0qzI\/AAAAAAAAoYE\/4HnTenue_hwUN0xPMhDFIfkclFVof0svwCEwYBhgL\/s640\/FB_IMG_1550440351926.jpg\" alt=\"\"\/><\/a><\/figure>\n\n\n\n<figure class=\"wp-block-image aligncenter\"><a href=\"https:\/\/1.bp.blogspot.com\/-s6qJ2KVY_bM\/Xe-Q-XKmd6I\/AAAAAAAAoXw\/t3-ilxJdHsIEIAIZXyGcdy0IYEKo_Ei9gCEwYBhgL\/s1600\/FB_IMG_1550440359705.jpg\"><img decoding=\"async\" src=\"https:\/\/1.bp.blogspot.com\/-s6qJ2KVY_bM\/Xe-Q-XKmd6I\/AAAAAAAAoXw\/t3-ilxJdHsIEIAIZXyGcdy0IYEKo_Ei9gCEwYBhgL\/s640\/FB_IMG_1550440359705.jpg\" alt=\"\"\/><\/a><\/figure>\n\n\n\n<p><strong>MANTO<\/strong>&nbsp;Pelo:&nbsp; Caniche de pelo ensortijado: pelo abundante, de textura fina, lanosa, bien rizado; es el\u00e1stico y resistente a la presi\u00f3n de la mano. Debe ser denso, bien abundante, de longitud uniforme, formando bucles regulares. \uf0b7 Caniche de pelo en forma de mechones: Pelo abundante, de textura fina, lanosa y apretada. Forma cuerdecillas caracter\u00edsticas que deben medir por lo menos 20 cm. Color: Color s\u00f3lido: negro, blanco, marr\u00f3n, gris, leonado. El Marr\u00f3n tiene que ser profundo, m\u00e1s bien oscuro, uniforme y c\u00e1lido. El Beige y sus derivados m\u00e1s claros no son admitidos. El gris debe ser uniforme, profundo, ni negruzco, ni blancuzco. El leonado debe ser uniforme, puede ir del leonado p\u00e1lido al leonado rojizo o hasta el leonado anaranjado (apricot). Los p\u00e1rpados, la trufa, los labios, las mucosas, el paladar, los orificios naturales, el escroto y las almohadillas deben estar bien pigmentados. Para los leonados claros toda la pigmentaci\u00f3n debe ser lo m\u00e1s oscura posible.&nbsp;<\/p>\n\n\n\n<p><strong>TAMA\u00d1O<\/strong>: El dimorfismo sexual debe ser claramente visible en todas las variedades.&nbsp;<\/p>\n\n\n\n<p><strong>C<\/strong><strong>aniches Grandes:<\/strong>&nbsp;Por encima de los 45 cm hasta los 60 cm, con una tolerancia de 2 cm por encima. El Caniche grande debe ser una reproducci\u00f3n agrandada y desarrollada del Caniche mediano, del cual posee las mismas caracter\u00edsticas.&nbsp;<\/p>\n\n\n\n<p><strong><u>Caniches Medianos<\/u><\/strong>: Por encima de los 35 cm hasta los 45 cm.&nbsp;<\/p>\n\n\n\n<p><strong><u>Caniches Enanos:&nbsp;<\/u><\/strong>Por encima de los 28 cm hasta los 35 cm. El Caniche Enano debe tener, en conjunto, el aspecto de un Caniche Mediano reducido, guardar en cuanto sea posible las mismas proporciones y no presentar ninguna apariencia de \u201cenanismo\u201d.&nbsp;<\/p>\n\n\n\n<p><strong>Caniches Toys<\/strong>: Por encima de los 24 cm (con una tolerancia de menos 1 cm.) hasta 28 cm (el tipo ideal es el de la talla de 25 cm) y hasta 24 cm (con una tolerancia de menos de 1 cm). El Caniche Toy tiene, en conjunto, el aspecto del Caniche Enano, y guarda las mismas proporciones generales que responden a todas las exigencias del est\u00e1ndar. Queda excluido todo rasgo de \u201cenanismo\u201d. S\u00f3lo la cresta occipital puede ser menos marcada.&nbsp;<\/p>\n\n\n\n<p><strong>FALTAS<\/strong>: Cualquier desviaci\u00f3n de los criterios antes mencionados se considera como falta y la gravedad de \u00e9sta se considera al grado de la desviaci\u00f3n al est\u00e1ndar y de sus consecuencias sobre la salud y el bienestar del perro.&nbsp;<\/p>\n\n\n\n<p><strong>FALTAS GRAVES<\/strong>: \uf0b7 Ojos demasiado grandes y demasiado redondos o hundidos, no lo suficientemente oscuros. \uf0b7 Orejas demasiado cortas (no llegando a la comisura labial). \uf0b7 Hocico d\u00e9bil&nbsp;o puntiagudo. \uf0b7 Hocico con perfil superior convexo. \uf0b7 L\u00ednea superior encarpada o ensillada. \uf0b7 Inserci\u00f3n de cola demasiado baja. FCI-St. N\u00b0 172 \/ 23.10.2015 8 \uf0b7 Grupa ca\u00edda. \uf0b7 Angulaci\u00f3n posterior demasiado recta o sobreangulada. \uf0b7 Paso flu\u00eddo o extendido. \uf0b7 Pelo escaso, suave o de alambre. \uf0b7 Color indefinido o no s\u00f3lido. \uf0b7 Trufa parcialmente despigmentada. \uf0b7 Ausencia de 2 PM2.&nbsp;<\/p>\n\n\n\n<p><strong>FALTAS DESCALIFICANTES<\/strong>: \uf0b7 Agresividad o extrema timidez. \uf0b7 Cualquier perro mostrando claras se\u00f1ales de anormalidades f\u00edsicas o de comportamiento debe ser descalificado. \uf0b7 Ausencia de tipo, sobre todo en cuanto a la cabeza, insinuando notablemente una cruza con otra raza. \uf0b7 Altura a la cruz excediendo los 62 cm. en lo Grandes y menos de 23 cm. en los Toys. \uf0b7 Ausencia de cola o cola naturalmente corta. \uf0b7 Espolones o rastro de espolones en los miembros posteriores. \uf0b7 Todo animal que presente rasgos de \u201cenanismo\u201d: cr\u00e1neo globuloso, ausencia de la cresta occipital, depresi\u00f3n naso frontal muy marcada, ojos prominentes, hocico muy corto y respingado. \uf0b7 Surco medio pr\u00e1cticamente inexistente. \uf0b7 Hueso muy liviano en los Toys. \uf0b7 Cola completamente enrulada. \uf0b7 Manto que no sea de color s\u00f3lido (unicolor). \uf0b7 Todas las marcas blancas en el cuerpo y\/o pies para todos los colores excepto el blanco. \uf0b7 Nariz completamente despigmentada. \uf0b7 Prognatismo superior o inferior. \uf0b7 Cualquier diente cuya posici\u00f3n pueda lastimar al perro (por ejemplo caninos crecidos hacia adentro que toquen el paladar). \uf0b7 Ausencia de un incisivo, de un canino o una muela carnicera. \uf0b7 Ausencia de un PM3 o de un PM4. \uf0b7 Ausencia de 3 o m\u00e1s PM (excepto PM1). N.B.: \uf0b7 Los machos deben tener dos test\u00edculos de apariencia normal completamente descendidos en el escroto. \uf0b7 S\u00f3lo los perros funcional y cl\u00ednicamente saludables, con la conformaci\u00f3n t\u00edpica de la raza, deber\u00e1n usarse para la crianza. Adiciones al est\u00e1ndar Juzgando un Caniche en un show no significa que se est\u00e9 juzgando en una competici\u00f3n de peluquer\u00eda. No se debe estimular el arreglo exagerado de los perros.&nbsp;<\/p>\n\n\n\n<p><strong>CORTES AUTORIZADOS PARA EXPOSICI\u00d3N<\/strong>&nbsp;\u201cCorte \u201cLe\u00f3n\u201d: El Caniche, sea el de pelo ensortijado o el de pelo a mechones o acordonado, debe ser rasurado en su tren posterior hasta las costillas. Tambi\u00e9n va rasurado: el hocico, adelante y debajo de la comisura inferior de los ojos; las mejillas, los miembros anteriores y posteriores, excepto por los pu\u00f1os o brazaletes y opcional los del posterior; la cola, excepto por un pomp\u00f3n, redondo u oblongo en la terminaci\u00f3n. Se requiere bigote en todos los individuos. Se admite dejar pelo llamado \u201cpantalones\u201d en los miembros anteriores. Corte \u201cModerno\u201d: Dejando pelo en las cuatro extremidades s\u00f3lo es admitido cuando las siguientes normas sean respetadas:&nbsp;<\/p>\n\n\n\n<p>1. Debe rasurarse:&nbsp;<\/p>\n\n\n\n<p>a) La parte baja de los miembros anteriores desde las u\u00f1as a la punta del quinto dedo, la parte baja de los miembros posteriores hasta la misma altura. Rasurado a maquina est\u00e1 solo admitido en los dedos. b) La cabeza y la cola de acuerdo a las reglas mencionadas anteriormente. Se admitir\u00e1 en este corte excepcionalmente a: \uf0b7 La presencia, debajo del maxilar inferior, de pelo corto, no m\u00e1s largo que 1 cm, la l\u00ednea inferior que debe ser cortada paralela a la mand\u00edbula inferior. Una barba, llamada de cabra, no est\u00e1 permitida. \uf0b7 La supresi\u00f3n del pomp\u00f3n de la cola.&nbsp;<\/p>\n\n\n\n<p>2. Pelo cortado: Sobre el cuerpo, para dar el efecto de seda aterciopelada en la l\u00ednea de la espalda, m\u00e1s o menos corto pero por lo menos 1 cm. El largo debe crecer gradualmente sobre las costillas y sobre los miembros.&nbsp;<\/p>\n\n\n\n<p>3. Manto emprolijado:&nbsp;<\/p>\n\n\n\n<p>a) En la cabeza que mantiene un mo\u00f1o de relativa altura como as\u00ed tambi\u00e9n descendiendo desde el cuello hacia la cruz y el frente, sin discontinuidad, hasta la parte rasurada de los pies siguiendo una levemente inclinada l\u00ednea desde la parte superior del antepecho hacia abajo. En la parte superior de las orejas por un m\u00e1ximo de un tercio de su largo, el pelo puede ser cortado con tijeras o rasurado en la direcci\u00f3n del pelo. La parte inferior debe ser dejada cubierta con pelo cuya longitud debe aumentar gradualmente de arriba hacia abajo, para terminar en flecos que pueden ser nivelados.&nbsp;<\/p>\n\n\n\n<p>b) En los miembros, \u201cpantalones\u201d haciendo una transici\u00f3n distintiva de la parte rasurada de los pies. El largo del pelo aumenta gradualmente hacia arriba para mostrar en el hombro y del mismo modo el muslo, una longitud de 4 a 7 cm. medidos estirando el pelo, estando en proporci\u00f3n al exhibido para evitar un efecto exagerado. El \u201cpantal\u00f3n\u201d trasero debe permitir ver la t\u00edpica angulaci\u00f3n del caniche.&nbsp;<\/p>\n\n\n\n<p>Cualquier otro corte que no corresponda a estas normas es descalificante. Cualquiera sea el corte, no debe influenciar en la colocaci\u00f3n de los ejemplares en las exposiciones, todos los perros expuestos en la misma categor\u00eda deben ser juzgado y colocados juntos.&nbsp;<\/p>\n\n\n\n<p>\u201cCorte Ingl\u00e9s\u201d: Al corte \u201cLe\u00f3n\u201d se le agregan brazaletes en el posterior i.e. brazaletes y pu\u00f1os. En la cabeza un mo\u00f1o. Para este corte el bigote es opcional. La ausencia de demarcaciones en el pelo del posterior es tolerada. El mo\u00f1o es opcional (est\u00e1 prohibido usar laca o cualquier otra substancia para mantener el mo\u00f1o en su lugar).&nbsp;<\/p>\n\n\n\n<p>\u201cCorte de cachorro\u201d: Lleva las partes rasuradas que caracterizan al corte Moderno. En la cabeza: un mo\u00f1o de altura razonable. El manto en el tren anterior debe formar una bola, comparada a un \u201chuevo\u201d vista desde el antepecho hacia el mo\u00f1o. Los llamados \u201cpantalones\u201d en los miembros anteriores se mantienen, acentuando la t\u00edpica angulaci\u00f3n del Caniche. La cola \u2013 excepto por un pomp\u00f3n \u2013 debe tener una forma oval u oblonga. Debe ser cortada m\u00e1s larga que ancha con \u00e1ngulos redondeados. \u201cCorte Escandinavo o de Terrier\u201d: El corte es similar al corte Moderno, siendo diferente en que las orejas y la cola pueden ser rasuradas. Los \u00faltimos cambios son en negrita.<\/p>\n\n\n\n<ul class=\"wp-block-list\">\n<li><\/li>\n<\/ul>\n\n\n\n<p><\/p>\n","protected":false},"excerpt":{"rendered":"<p>23.10.2015 \/ ES Est\u00e1ndar-FCI N\u00b0 172 \u00a0CANICHE FCI-St. N\u00b0 172 \/ 23.10.2015 2\u00a0 ORIGEN: Francia.&nbsp; FECHA DE PUBLICACI\u00d3N DEL EST\u00c1NDAR<\/p>\n","protected":false},"author":1,"featured_media":0,"comment_status":"open","ping_status":"open","sticky":false,"template":"","format":"standard","meta":{"colormag_page_container_layout":"default_layout","colormag_page_sidebar_layout":"default_layout","_uag_custom_page_level_css":"","_joinchat":[],"footnotes":""},"categories":[1],"tags":[],"class_list":["post-4","post","type-post","status-publish","format-standard","hentry","category-caniche-gigante"],"yoast_head":"<!-- This site is optimized with the Yoast SEO plugin v27.2 - https:\/\/yoast.com\/product\/yoast-seo-wordpress\/ -->\n<title>Standar Caniche Gigante en FCI - Caniches Gigantes of the Dynasty<\/title>\n<meta name=\"robots\" content=\"index, follow, max-snippet:-1, max-image-preview:large, max-video-preview:-1\" \/>\n<link rel=\"canonical\" href=\"https:\/\/canichesgigantes.site\/index.php\/2023\/03\/04\/standard-del-caniche-fci\/\" \/>\n<meta property=\"og:locale\" content=\"es_ES\" \/>\n<meta property=\"og:type\" content=\"article\" \/>\n<meta property=\"og:title\" content=\"Standar Caniche Gigante en FCI - Caniches Gigantes of the Dynasty\" \/>\n<meta property=\"og:description\" content=\"23.10.2015 \/ ES Est\u00e1ndar-FCI N\u00b0 172 \u00a0CANICHE FCI-St. N\u00b0 172 \/ 23.10.2015 2\u00a0 ORIGEN: Francia.&nbsp; FECHA DE PUBLICACI\u00d3N DEL EST\u00c1NDAR\" \/>\n<meta property=\"og:url\" content=\"https:\/\/canichesgigantes.site\/index.php\/2023\/03\/04\/standard-del-caniche-fci\/\" \/>\n<meta property=\"og:site_name\" content=\"Caniches Gigantes of the Dynasty\" \/>\n<meta property=\"article:publisher\" content=\"https:\/\/www.facebook.com\/davidmedinachows\" \/>\n<meta property=\"article:published_time\" content=\"2023-03-04T01:29:04+00:00\" \/>\n<meta property=\"article:modified_time\" content=\"2023-03-27T21:29:45+00:00\" \/>\n<meta property=\"og:image\" content=\"https:\/\/1.bp.blogspot.com\/-SeowC9stVxw\/Xe-Q386i2sI\/AAAAAAAAoYI\/G5FWC4h9E1ka-DDrK_TOt2kSdzyTqpIpgCEwYBhgL\/s640\/FB_IMG_1550440094438.jpg\" \/>\n<meta name=\"author\" content=\"admin\" \/>\n<meta name=\"twitter:card\" content=\"summary_large_image\" \/>\n<meta name=\"twitter:label1\" content=\"Escrito por\" \/>\n\t<meta name=\"twitter:data1\" content=\"admin\" \/>\n\t<meta name=\"twitter:label2\" content=\"Tiempo de lectura\" \/>\n\t<meta name=\"twitter:data2\" content=\"16 minutos\" \/>\n<script type=\"application\/ld+json\" class=\"yoast-schema-graph\">{\"@context\":\"https:\/\/schema.org\",\"@graph\":[{\"@type\":\"Article\",\"@id\":\"https:\/\/canichesgigantes.site\/index.php\/2023\/03\/04\/standard-del-caniche-fci\/#article\",\"isPartOf\":{\"@id\":\"https:\/\/canichesgigantes.site\/index.php\/2023\/03\/04\/standard-del-caniche-fci\/\"},\"author\":{\"name\":\"admin\",\"@id\":\"https:\/\/canichesgigantes.site\/#\/schema\/person\/fdca5c7746d20a93b22433834c384a2b\"},\"headline\":\"Standar Caniche Gigante en FCI\",\"datePublished\":\"2023-03-04T01:29:04+00:00\",\"dateModified\":\"2023-03-27T21:29:45+00:00\",\"mainEntityOfPage\":{\"@id\":\"https:\/\/canichesgigantes.site\/index.php\/2023\/03\/04\/standard-del-caniche-fci\/\"},\"wordCount\":2790,\"commentCount\":0,\"image\":{\"@id\":\"https:\/\/canichesgigantes.site\/index.php\/2023\/03\/04\/standard-del-caniche-fci\/#primaryimage\"},\"thumbnailUrl\":\"https:\/\/1.bp.blogspot.com\/-SeowC9stVxw\/Xe-Q386i2sI\/AAAAAAAAoYI\/G5FWC4h9E1ka-DDrK_TOt2kSdzyTqpIpgCEwYBhgL\/s640\/FB_IMG_1550440094438.jpg\",\"articleSection\":[\"cachorros de caniche gigante en espa\u00f1a\"],\"inLanguage\":\"es\",\"potentialAction\":[{\"@type\":\"CommentAction\",\"name\":\"Comment\",\"target\":[\"https:\/\/canichesgigantes.site\/index.php\/2023\/03\/04\/standard-del-caniche-fci\/#respond\"]}]},{\"@type\":\"WebPage\",\"@id\":\"https:\/\/canichesgigantes.site\/index.php\/2023\/03\/04\/standard-del-caniche-fci\/\",\"url\":\"https:\/\/canichesgigantes.site\/index.php\/2023\/03\/04\/standard-del-caniche-fci\/\",\"name\":\"Standar Caniche Gigante en FCI - Caniches Gigantes of the Dynasty\",\"isPartOf\":{\"@id\":\"https:\/\/canichesgigantes.site\/#website\"},\"primaryImageOfPage\":{\"@id\":\"https:\/\/canichesgigantes.site\/index.php\/2023\/03\/04\/standard-del-caniche-fci\/#primaryimage\"},\"image\":{\"@id\":\"https:\/\/canichesgigantes.site\/index.php\/2023\/03\/04\/standard-del-caniche-fci\/#primaryimage\"},\"thumbnailUrl\":\"https:\/\/1.bp.blogspot.com\/-SeowC9stVxw\/Xe-Q386i2sI\/AAAAAAAAoYI\/G5FWC4h9E1ka-DDrK_TOt2kSdzyTqpIpgCEwYBhgL\/s640\/FB_IMG_1550440094438.jpg\",\"datePublished\":\"2023-03-04T01:29:04+00:00\",\"dateModified\":\"2023-03-27T21:29:45+00:00\",\"author\":{\"@id\":\"https:\/\/canichesgigantes.site\/#\/schema\/person\/fdca5c7746d20a93b22433834c384a2b\"},\"breadcrumb\":{\"@id\":\"https:\/\/canichesgigantes.site\/index.php\/2023\/03\/04\/standard-del-caniche-fci\/#breadcrumb\"},\"inLanguage\":\"es\",\"potentialAction\":[{\"@type\":\"ReadAction\",\"target\":[\"https:\/\/canichesgigantes.site\/index.php\/2023\/03\/04\/standard-del-caniche-fci\/\"]}]},{\"@type\":\"ImageObject\",\"inLanguage\":\"es\",\"@id\":\"https:\/\/canichesgigantes.site\/index.php\/2023\/03\/04\/standard-del-caniche-fci\/#primaryimage\",\"url\":\"https:\/\/1.bp.blogspot.com\/-SeowC9stVxw\/Xe-Q386i2sI\/AAAAAAAAoYI\/G5FWC4h9E1ka-DDrK_TOt2kSdzyTqpIpgCEwYBhgL\/s640\/FB_IMG_1550440094438.jpg\",\"contentUrl\":\"https:\/\/1.bp.blogspot.com\/-SeowC9stVxw\/Xe-Q386i2sI\/AAAAAAAAoYI\/G5FWC4h9E1ka-DDrK_TOt2kSdzyTqpIpgCEwYBhgL\/s640\/FB_IMG_1550440094438.jpg\"},{\"@type\":\"BreadcrumbList\",\"@id\":\"https:\/\/canichesgigantes.site\/index.php\/2023\/03\/04\/standard-del-caniche-fci\/#breadcrumb\",\"itemListElement\":[{\"@type\":\"ListItem\",\"position\":1,\"name\":\"Portada\",\"item\":\"https:\/\/canichesgigantes.site\/\"},{\"@type\":\"ListItem\",\"position\":2,\"name\":\"Standar Caniche Gigante en FCI\"}]},{\"@type\":\"WebSite\",\"@id\":\"https:\/\/canichesgigantes.site\/#website\",\"url\":\"https:\/\/canichesgigantes.site\/\",\"name\":\"Caniches gigantes of the Dynasty\",\"description\":\"Criadero de Caniches Gigantes en Espa&ntilde;a (Afijo 21590)\",\"alternateName\":\"caniches gigantes en espa\u00f1a - M&Z shadows of the dynasty\",\"potentialAction\":[{\"@type\":\"SearchAction\",\"target\":{\"@type\":\"EntryPoint\",\"urlTemplate\":\"https:\/\/canichesgigantes.site\/?s={search_term_string}\"},\"query-input\":{\"@type\":\"PropertyValueSpecification\",\"valueRequired\":true,\"valueName\":\"search_term_string\"}}],\"inLanguage\":\"es\"},{\"@type\":\"Person\",\"@id\":\"https:\/\/canichesgigantes.site\/#\/schema\/person\/fdca5c7746d20a93b22433834c384a2b\",\"name\":\"admin\",\"image\":{\"@type\":\"ImageObject\",\"inLanguage\":\"es\",\"@id\":\"https:\/\/secure.gravatar.com\/avatar\/69eb8302352516b3b3d33da949f7c94d0b9630236475c052639859d677f3f229?s=96&d=mm&r=g\",\"url\":\"https:\/\/secure.gravatar.com\/avatar\/69eb8302352516b3b3d33da949f7c94d0b9630236475c052639859d677f3f229?s=96&d=mm&r=g\",\"contentUrl\":\"https:\/\/secure.gravatar.com\/avatar\/69eb8302352516b3b3d33da949f7c94d0b9630236475c052639859d677f3f229?s=96&d=mm&r=g\",\"caption\":\"admin\"},\"sameAs\":[\"https:\/\/canichesgigantes.site\"],\"url\":\"https:\/\/canichesgigantes.site\/index.php\/author\/admin\/\"}]}<\/script>\n<!-- \/ Yoast SEO plugin. -->","yoast_head_json":{"title":"Standar Caniche Gigante en FCI - Caniches Gigantes of the Dynasty","robots":{"index":"index","follow":"follow","max-snippet":"max-snippet:-1","max-image-preview":"max-image-preview:large","max-video-preview":"max-video-preview:-1"},"canonical":"https:\/\/canichesgigantes.site\/index.php\/2023\/03\/04\/standard-del-caniche-fci\/","og_locale":"es_ES","og_type":"article","og_title":"Standar Caniche Gigante en FCI - Caniches Gigantes of the Dynasty","og_description":"23.10.2015 \/ ES Est\u00e1ndar-FCI N\u00b0 172 \u00a0CANICHE FCI-St. N\u00b0 172 \/ 23.10.2015 2\u00a0 ORIGEN: Francia.&nbsp; FECHA DE PUBLICACI\u00d3N DEL EST\u00c1NDAR","og_url":"https:\/\/canichesgigantes.site\/index.php\/2023\/03\/04\/standard-del-caniche-fci\/","og_site_name":"Caniches Gigantes of the Dynasty","article_publisher":"https:\/\/www.facebook.com\/davidmedinachows","article_published_time":"2023-03-04T01:29:04+00:00","article_modified_time":"2023-03-27T21:29:45+00:00","og_image":[{"url":"https:\/\/1.bp.blogspot.com\/-SeowC9stVxw\/Xe-Q386i2sI\/AAAAAAAAoYI\/G5FWC4h9E1ka-DDrK_TOt2kSdzyTqpIpgCEwYBhgL\/s640\/FB_IMG_1550440094438.jpg","type":"","width":"","height":""}],"author":"admin","twitter_card":"summary_large_image","twitter_misc":{"Escrito por":"admin","Tiempo de lectura":"16 minutos"},"schema":{"@context":"https:\/\/schema.org","@graph":[{"@type":"Article","@id":"https:\/\/canichesgigantes.site\/index.php\/2023\/03\/04\/standard-del-caniche-fci\/#article","isPartOf":{"@id":"https:\/\/canichesgigantes.site\/index.php\/2023\/03\/04\/standard-del-caniche-fci\/"},"author":{"name":"admin","@id":"https:\/\/canichesgigantes.site\/#\/schema\/person\/fdca5c7746d20a93b22433834c384a2b"},"headline":"Standar Caniche Gigante en FCI","datePublished":"2023-03-04T01:29:04+00:00","dateModified":"2023-03-27T21:29:45+00:00","mainEntityOfPage":{"@id":"https:\/\/canichesgigantes.site\/index.php\/2023\/03\/04\/standard-del-caniche-fci\/"},"wordCount":2790,"commentCount":0,"image":{"@id":"https:\/\/canichesgigantes.site\/index.php\/2023\/03\/04\/standard-del-caniche-fci\/#primaryimage"},"thumbnailUrl":"https:\/\/1.bp.blogspot.com\/-SeowC9stVxw\/Xe-Q386i2sI\/AAAAAAAAoYI\/G5FWC4h9E1ka-DDrK_TOt2kSdzyTqpIpgCEwYBhgL\/s640\/FB_IMG_1550440094438.jpg","articleSection":["cachorros de caniche gigante en espa\u00f1a"],"inLanguage":"es","potentialAction":[{"@type":"CommentAction","name":"Comment","target":["https:\/\/canichesgigantes.site\/index.php\/2023\/03\/04\/standard-del-caniche-fci\/#respond"]}]},{"@type":"WebPage","@id":"https:\/\/canichesgigantes.site\/index.php\/2023\/03\/04\/standard-del-caniche-fci\/","url":"https:\/\/canichesgigantes.site\/index.php\/2023\/03\/04\/standard-del-caniche-fci\/","name":"Standar Caniche Gigante en FCI - Caniches Gigantes of the Dynasty","isPartOf":{"@id":"https:\/\/canichesgigantes.site\/#website"},"primaryImageOfPage":{"@id":"https:\/\/canichesgigantes.site\/index.php\/2023\/03\/04\/standard-del-caniche-fci\/#primaryimage"},"image":{"@id":"https:\/\/canichesgigantes.site\/index.php\/2023\/03\/04\/standard-del-caniche-fci\/#primaryimage"},"thumbnailUrl":"https:\/\/1.bp.blogspot.com\/-SeowC9stVxw\/Xe-Q386i2sI\/AAAAAAAAoYI\/G5FWC4h9E1ka-DDrK_TOt2kSdzyTqpIpgCEwYBhgL\/s640\/FB_IMG_1550440094438.jpg","datePublished":"2023-03-04T01:29:04+00:00","dateModified":"2023-03-27T21:29:45+00:00","author":{"@id":"https:\/\/canichesgigantes.site\/#\/schema\/person\/fdca5c7746d20a93b22433834c384a2b"},"breadcrumb":{"@id":"https:\/\/canichesgigantes.site\/index.php\/2023\/03\/04\/standard-del-caniche-fci\/#breadcrumb"},"inLanguage":"es","potentialAction":[{"@type":"ReadAction","target":["https:\/\/canichesgigantes.site\/index.php\/2023\/03\/04\/standard-del-caniche-fci\/"]}]},{"@type":"ImageObject","inLanguage":"es","@id":"https:\/\/canichesgigantes.site\/index.php\/2023\/03\/04\/standard-del-caniche-fci\/#primaryimage","url":"https:\/\/1.bp.blogspot.com\/-SeowC9stVxw\/Xe-Q386i2sI\/AAAAAAAAoYI\/G5FWC4h9E1ka-DDrK_TOt2kSdzyTqpIpgCEwYBhgL\/s640\/FB_IMG_1550440094438.jpg","contentUrl":"https:\/\/1.bp.blogspot.com\/-SeowC9stVxw\/Xe-Q386i2sI\/AAAAAAAAoYI\/G5FWC4h9E1ka-DDrK_TOt2kSdzyTqpIpgCEwYBhgL\/s640\/FB_IMG_1550440094438.jpg"},{"@type":"BreadcrumbList","@id":"https:\/\/canichesgigantes.site\/index.php\/2023\/03\/04\/standard-del-caniche-fci\/#breadcrumb","itemListElement":[{"@type":"ListItem","position":1,"name":"Portada","item":"https:\/\/canichesgigantes.site\/"},{"@type":"ListItem","position":2,"name":"Standar Caniche Gigante en FCI"}]},{"@type":"WebSite","@id":"https:\/\/canichesgigantes.site\/#website","url":"https:\/\/canichesgigantes.site\/","name":"Caniches gigantes of the Dynasty","description":"Criadero de Caniches Gigantes en Espa&ntilde;a (Afijo 21590)","alternateName":"caniches gigantes en espa\u00f1a - M&Z shadows of the dynasty","potentialAction":[{"@type":"SearchAction","target":{"@type":"EntryPoint","urlTemplate":"https:\/\/canichesgigantes.site\/?s={search_term_string}"},"query-input":{"@type":"PropertyValueSpecification","valueRequired":true,"valueName":"search_term_string"}}],"inLanguage":"es"},{"@type":"Person","@id":"https:\/\/canichesgigantes.site\/#\/schema\/person\/fdca5c7746d20a93b22433834c384a2b","name":"admin","image":{"@type":"ImageObject","inLanguage":"es","@id":"https:\/\/secure.gravatar.com\/avatar\/69eb8302352516b3b3d33da949f7c94d0b9630236475c052639859d677f3f229?s=96&d=mm&r=g","url":"https:\/\/secure.gravatar.com\/avatar\/69eb8302352516b3b3d33da949f7c94d0b9630236475c052639859d677f3f229?s=96&d=mm&r=g","contentUrl":"https:\/\/secure.gravatar.com\/avatar\/69eb8302352516b3b3d33da949f7c94d0b9630236475c052639859d677f3f229?s=96&d=mm&r=g","caption":"admin"},"sameAs":["https:\/\/canichesgigantes.site"],"url":"https:\/\/canichesgigantes.site\/index.php\/author\/admin\/"}]}},"uagb_featured_image_src":{"full":false,"thumbnail":false,"medium":false,"medium_large":false,"large":false,"1536x1536":false,"2048x2048":false,"colormag-highlighted-post":false,"colormag-featured-post-medium":false,"colormag-featured-post-small":false,"colormag-featured-image":false,"colormag-default-news":false,"colormag-featured-image-large":false},"uagb_author_info":{"display_name":"admin","author_link":"https:\/\/canichesgigantes.site\/index.php\/author\/admin\/"},"uagb_comment_info":0,"uagb_excerpt":"23.10.2015 \/ ES Est\u00e1ndar-FCI N\u00b0 172 \u00a0CANICHE FCI-St. N\u00b0 172 \/ 23.10.2015 2\u00a0 ORIGEN: Francia.&nbsp; FECHA DE PUBLICACI\u00d3N DEL EST\u00c1NDAR","_links":{"self":[{"href":"https:\/\/canichesgigantes.site\/index.php\/wp-json\/wp\/v2\/posts\/4","targetHints":{"allow":["GET"]}}],"collection":[{"href":"https:\/\/canichesgigantes.site\/index.php\/wp-json\/wp\/v2\/posts"}],"about":[{"href":"https:\/\/canichesgigantes.site\/index.php\/wp-json\/wp\/v2\/types\/post"}],"author":[{"embeddable":true,"href":"https:\/\/canichesgigantes.site\/index.php\/wp-json\/wp\/v2\/users\/1"}],"replies":[{"embeddable":true,"href":"https:\/\/canichesgigantes.site\/index.php\/wp-json\/wp\/v2\/comments?post=4"}],"version-history":[{"count":3,"href":"https:\/\/canichesgigantes.site\/index.php\/wp-json\/wp\/v2\/posts\/4\/revisions"}],"predecessor-version":[{"id":280,"href":"https:\/\/canichesgigantes.site\/index.php\/wp-json\/wp\/v2\/posts\/4\/revisions\/280"}],"wp:attachment":[{"href":"https:\/\/canichesgigantes.site\/index.php\/wp-json\/wp\/v2\/media?parent=4"}],"wp:term":[{"taxonomy":"category","embeddable":true,"href":"https:\/\/canichesgigantes.site\/index.php\/wp-json\/wp\/v2\/categories?post=4"},{"taxonomy":"post_tag","embeddable":true,"href":"https:\/\/canichesgigantes.site\/index.php\/wp-json\/wp\/v2\/tags?post=4"}],"curies":[{"name":"wp","href":"https:\/\/api.w.org\/{rel}","templated":true}]}}